{"id":2825,"date":"2025-04-15T10:00:00","date_gmt":"2025-04-15T10:00:00","guid":{"rendered":"https:\/\/jubenial.com\/productos\/?p=2825"},"modified":"2025-04-10T14:32:51","modified_gmt":"2025-04-10T14:32:51","slug":"edad-maxima-contratar-renta-vitalicia","status":"publish","type":"post","link":"https:\/\/jubenial.com\/productos\/edad-maxima-contratar-renta-vitalicia\/","title":{"rendered":"\u00bfCu\u00e1l es la edad m\u00e1xima para contratar la renta vitalicia?"},"content":{"rendered":"\n<p>La renta vitalicia es una <strong>herramienta financiera<\/strong> que ofrece una alternativa interesante para los propietarios que desean convertir el valor de su vivienda en ingresos mensuales. Este modelo, dise\u00f1ado especialmente para la tercera edad, combina estabilidad econ\u00f3mica con la tranquilidad de contar con un flujo constante de dinero, sin necesidad de vender o abandonar el hogar de inmediato. Su \u00e9xito se debe a su simplicidad y los beneficios fiscales asociados, especialmente para mayores de 65 a\u00f1os.<\/p>\n\n\n\n<p>Uno de los aspectos clave a considerar en este tipo de acuerdos es la edad del contratante, ya que determina tanto las condiciones del contrato como los pagos mensuales que recibir\u00e1s. Entender cu\u00e1l es la edad m\u00e1xima para acceder a una renta vitalicia es fundamental para tomar decisiones informadas y aprovechar al m\u00e1ximo esta soluci\u00f3n innovadora.<\/p>\n\n\n\n<h2 class=\"wp-block-heading\">\u00bfQu\u00e9 es la renta vitalicia?<\/h2>\n\n\n\n<p>La <a href=\"https:\/\/jubenial.com\/rentas-vitalicias-y-temporales\/\"><strong>renta vitalicia<\/strong><\/a> es un contrato mediante el cual el propietario de una vivienda cede la titularidad del inmueble a cambio de una <strong>renta mensual de por vida<\/strong>. Este modelo ofrece la <strong>tranquilidad<\/strong> de contar con ingresos constantes y ventajas fiscales significativas, especialmente para personas mayores.<\/p>\n\n\n\n<p>En este acuerdo, la <strong>edad del contratante<\/strong> es muy importante. A mayor edad, los pagos mensuales suelen ser m\u00e1s altos debido a una expectativa de vida menor. Este factor, combinado con el valor del inmueble, define las condiciones del contrato.<\/p>\n\n\n\n<h3 class=\"wp-block-heading\">Beneficios seg\u00fan la edad<\/h3>\n\n\n\n<p>Como mencionamos anteriormente, la edad al momento de contratar la renta vitalicia afecta tanto las condiciones del acuerdo como los beneficios. Algunos aspectos destacados incluyen:<\/p>\n\n\n\n<ul class=\"wp-block-list\">\n<li><strong>Ingresos garantizados:<\/strong> Personas mayores de 80 a\u00f1os pueden recibir pagos m\u00e1s elevados debido a una menor expectativa de vida.<\/li>\n\n\n\n<li><strong>Ventajas fiscales:<\/strong> En Espa\u00f1a, los pagos derivados de rentas vitalicias tienen una base imponible reducida, especialmente en personas mayores de 65 a\u00f1os.<\/li>\n\n\n\n<li><strong>Flexibilidad:<\/strong> Algunas opciones permiten incluir cl\u00e1usulas para que los contratantes puedan seguir residiendo en su vivienda durante toda su vida.<\/li>\n<\/ul>\n\n\n\n<h2 class=\"wp-block-heading\">Factores que influyen en la edad m\u00e1xima para contratar la renta vitalicia<\/h2>\n\n\n\n<p>La edad m\u00e1xima para contratar la renta vitalicia var\u00eda dependiendo de varios factores:<\/p>\n\n\n\n<ul class=\"wp-block-list\">\n<li><strong>Normativa y regulaciones locales:<\/strong> En Espa\u00f1a, la edad m\u00ednima suele situarse en los 65 a\u00f1os, pero no siempre se establece un l\u00edmite m\u00e1ximo estricto. Sin embargo, algunas entidades financieras pueden fijar l\u00edmites dependiendo del tipo de acuerdo y el perfil del cliente.<\/li>\n\n\n\n<li><strong>Esperanza de vida:<\/strong> Las tablas de esperanza de vida utilizadas por las aseguradoras y entidades financieras determinan los pagos mensuales. Por lo general, personas mayores de 80 a\u00f1os pueden acceder a este modelo, aunque las condiciones pueden ser diferentes.<\/li>\n\n\n\n<li><strong>El valor de la vivienda:<\/strong> La ubicaci\u00f3n, tama\u00f1o y estado de la propiedad tambi\u00e9n influyen en la decisi\u00f3n de las entidades al establecer un l\u00edmite de edad. Propiedades con mayor valor pueden permitir acuerdos m\u00e1s flexibles.<\/li>\n<\/ul>\n\n\n\n<h2 class=\"wp-block-heading\">\u00bfCu\u00e1l es la edad m\u00e1xima para contratar la renta vitalicia?<\/h2>\n\n\n\n<p>No existe un l\u00edmite universal para la edad m\u00e1xima para contratar la renta vitalicia, pero en Espa\u00f1a suele oscilar entre los <strong>80 y 85 a\u00f1os<\/strong>, dependiendo de la entidad. Esta flexibilidad se debe a que los acuerdos est\u00e1n dise\u00f1ados para <strong>adaptarse a las necesidades<\/strong> del contratante y al valor de su propiedad.<\/p>\n\n\n\n<p>Es importante resaltar que, aunque las personas de mayor edad puedan obtener mejores pagos mensuales, tambi\u00e9n es esencial considerar las condiciones espec\u00edficas del contrato y las necesidades personales a largo plazo.<\/p>\n\n\n\n<h2 class=\"wp-block-heading\">Ventajas de contratar una renta vitalicia en edades avanzadas<\/h2>\n\n\n\n<p>Realizar un contrato de este tipo, incluso en cercan\u00edas a la edad m\u00e1xima para contratar la renta vitalicia puede ser muy beneficioso. Aqu\u00ed te dejamos algunas de las ventajas m\u00e1s destacadas:<\/p>\n\n\n\n<ul class=\"wp-block-list\">\n<li><strong>Ingresos mensuales garantizados:<\/strong> Recibir\u00e1s una cantidad fija de dinero cada mes, lo que te permitir\u00e1 disfrutar de una mayor estabilidad financiera.<\/li>\n\n\n\n<li><strong>Exenciones fiscales:<\/strong> En Espa\u00f1a, los ingresos derivados de una renta vitalicia suelen contar con beneficios fiscales, especialmente para mayores de 65 a\u00f1os.<\/li>\n\n\n\n<li><strong>Tranquilidad y seguridad:<\/strong> Este modelo elimina la incertidumbre econ\u00f3mica, asegur\u00e1ndote un ingreso constante independientemente de las fluctuaciones del mercado inmobiliario.<\/li>\n<\/ul>\n\n\n\n<h2 class=\"wp-block-heading\">\u00bfQu\u00e9 debes considerar antes de contratar?<\/h2>\n\n\n\n<p>Antes de optar por este modelo, ten en cuenta los siguientes aspectos:<\/p>\n\n\n\n<p><strong>Asesoramiento profesional:<\/strong> Consultar con expertos como los de <a href=\"https:\/\/jubenial.com\/\"><strong>Jubenial<\/strong><\/a> te ayudar\u00e1 a evaluar si este modelo es el m\u00e1s adecuado para ti.<\/p>\n\n\n\n<p><strong>Condiciones del contrato:<\/strong> Revisa cuidadosamente las cl\u00e1usulas, incluyendo el l\u00edmite de edad y los pagos mensuales que recibir\u00e1s.<\/p>\n\n\n\n<p><strong>Alternativas disponibles:<\/strong> Compara las diferentes ofertas en el mercado para asegurarte de que obtienes las mejores condiciones posibles.<\/p>\n\n\n\n<h2 class=\"wp-block-heading\">Diferencias con la renta temporal<\/h2>\n\n\n\n<p>Aunque comparten similitudes, la <a href=\"https:\/\/jubenial.com\/rentas-vitalicias-y-temporales\/\"><strong>renta vitalicia y la renta temporal<\/strong><\/a> tienen diferencias clave. <strong>La renta vitalicia<\/strong> garantiza pagos de por vida, mientras que <strong>la temporal<\/strong> establece un per\u00edodo fijo. La elecci\u00f3n entre una u otra depender\u00e1 de la edad, el valor de la vivienda y las necesidades financieras del propietario.<\/p>\n\n\n\n<p>Por ejemplo, para personas mayores de 85 a\u00f1os, la renta vitalicia puede ser m\u00e1s ventajosa, ya que proporciona mayor seguridad econ\u00f3mica a largo plazo.<\/p>\n\n\n\n<h2 class=\"wp-block-heading\">La edad m\u00e1xima para contratar la renta vitalicia: Un factor clave para tu tranquilidad financiera<\/h2>\n\n\n\n<p>En conclusi\u00f3n, la renta vitalicia es una soluci\u00f3n que se adapta a las necesidades actuales y que est\u00e1 cambiando el mercado inmobiliario, especialmente para propietarios mayores. Aunque la edad m\u00e1xima para contratar la renta vitalicia puede variar, lo importante es encontrar la opci\u00f3n que mejor se adapte a tus necesidades y expectativas.<\/p>\n\n\n\n<p>\u00bfSabes <a href=\"https:\/\/jubenial.com\/quienes-somos\/\"><strong>qui\u00e9nes somos<\/strong><\/a>? En <strong>Jubenial<\/strong>, nos especializamos en ofrecerte acuerdos personalizados que te permitan disfrutar de la rentabilidad de tu vivienda con total seguridad y tranquilidad. <strong>Cont\u00e1ctanos<\/strong> hoy mismo para obtener asesor\u00eda personalizada y asegurar la rentabilidad de tu propiedad.<\/p>\n\n\n\n<p><\/p>\n","protected":false},"excerpt":{"rendered":"<p>La renta vitalicia es una herramienta financiera que ofrece una alternativa interesante para los propietarios que desean convertir el valor de su vivienda en ingresos mensuales. Este modelo, dise\u00f1ado especialmente para la tercera edad, combina estabilidad econ\u00f3mica con la tranquilidad de contar con un flujo constante de dinero, sin necesidad de vender o abandonar el [&hellip;]<\/p>\n","protected":false},"author":17,"featured_media":2826,"comment_status":"closed","ping_status":"open","sticky":false,"template":"","format":"standard","meta":{"footnotes":""},"categories":[40,53,55,52],"tags":[64,76,38,37,65],"class_list":["post-2825","post","type-post","status-publish","format-standard","has-post-thumbnail","hentry","category-be-jubenial","category-mercado-inmobiliario","category-blog-nuda-propiedad","category-tercera-edad","tag-alquiler-vitalicio","tag-inversion-inmobiliaria","tag-invertir-en-la-tercera-edad","tag-jubenial","tag-tercera-edad"],"mf_page_id":null,"metform_entries_serial_no":null,"metform_entries__form_id":null,"metform_entries__form_data":null,"metform_entries__file_upload_new":null,"metform_entries__user_id":null,"_um_custom_fields":null,"_um_register_use_custom_settings":null,"um_form_version":null,"_um_register_role":null,"_um_register_template":null,"_um_register_max_width":null,"_um_register_icons":null,"_wp_attachment_metadata":null,"_edit_lock":"1744295656:1747","_edit_last":"1747","_elementor_edit_mode":null,"_elementor_template_type":null,"_wp_page_template":null,"_elementor_page_settings":null,"_elementor_data":null,"_elementor_page_assets":null,"_elementor_version":null,"_elementor_pro_version":null,"_elementor_css":null,"_elementor_controls_usage":null,"_eael_post_view_count":null,"ekit_post_views_count":null,"_eael_custom_js":null,"__elementor_forms_snapshot":null,"_eael_widget_elements":null,"_thumbnail_id":"2826","_yoast_wpseo_content_score":"90","_yoast_wpseo_estimated-reading-time-minutes":"5","_yoast_wpseo_wordproof_timestamp":null,"_wp_old_date":null,"_yoast_wpseo_title":null,"_yoast_wpseo_metadesc":"Conoc\u00e9 la edad m\u00e1xima para contratar la renta vitalicia y c\u00f3mo transformar tu vivienda en ingresos estables durante la jubilaci\u00f3n.","_wp_trash_meta_status":null,"_wp_trash_meta_time":null,"_wp_desired_post_slug":null,"_um_core":null,"_um_mode":null,"yoast_head":"<!-- This site is optimized with the Yoast SEO plugin v24.1 - https:\/\/yoast.com\/wordpress\/plugins\/seo\/ -->\n<title>\u00bfCu\u00e1l es la edad m\u00e1xima para contratar la renta vitalicia? | Jubenial<\/title>\n<meta name=\"description\" content=\"Conoc\u00e9 la edad m\u00e1xima para contratar la renta vitalicia y c\u00f3mo transformar tu vivienda en ingresos estables durante la jubilaci\u00f3n.\" \/>\n<meta name=\"robots\" content=\"index, follow, max-snippet:-1, max-image-preview:large, max-video-preview:-1\" \/>\n<link rel=\"canonical\" href=\"https:\/\/jubenial.com\/productos\/edad-maxima-contratar-renta-vitalicia\/\" \/>\n<meta property=\"og:locale\" content=\"es_ES\" \/>\n<meta property=\"og:type\" content=\"article\" \/>\n<meta property=\"og:title\" content=\"\u00bfCu\u00e1l es la edad m\u00e1xima para contratar la renta vitalicia? | Jubenial\" \/>\n<meta property=\"og:description\" content=\"Conoc\u00e9 la edad m\u00e1xima para contratar la renta vitalicia y c\u00f3mo transformar tu vivienda en ingresos estables durante la jubilaci\u00f3n.\" \/>\n<meta property=\"og:url\" content=\"https:\/\/jubenial.com\/productos\/edad-maxima-contratar-renta-vitalicia\/\" \/>\n<meta property=\"og:site_name\" content=\"Jubenial\" \/>\n<meta property=\"article:published_time\" content=\"2025-04-15T10:00:00+00:00\" \/>\n<meta property=\"article:modified_time\" content=\"2025-04-10T14:32:51+00:00\" \/>\n<meta property=\"og:image\" content=\"https:\/\/jubenial.com\/productos\/wp-content\/uploads\/2025\/04\/mature-couple-with-documents-at-home-2024-09-16-21-15-08-utc-2-scaled.jpg\" \/>\n\t<meta property=\"og:image:width\" content=\"2560\" \/>\n\t<meta property=\"og:image:height\" content=\"1707\" \/>\n\t<meta property=\"og:image:type\" content=\"image\/jpeg\" \/>\n<meta name=\"author\" content=\"Jubenial\" \/>\n<meta name=\"twitter:card\" content=\"summary_large_image\" \/>\n<meta name=\"twitter:label1\" content=\"Escrito por\" \/>\n\t<meta name=\"twitter:data1\" content=\"Jubenial\" \/>\n\t<meta name=\"twitter:label2\" content=\"Tiempo de lectura\" \/>\n\t<meta name=\"twitter:data2\" content=\"5 minutos\" \/>\n<script type=\"application\/ld+json\" class=\"yoast-schema-graph\">{\"@context\":\"https:\/\/schema.org\",\"@graph\":[{\"@type\":\"Article\",\"@id\":\"https:\/\/jubenial.com\/productos\/edad-maxima-contratar-renta-vitalicia\/#article\",\"isPartOf\":{\"@id\":\"https:\/\/jubenial.com\/productos\/edad-maxima-contratar-renta-vitalicia\/\"},\"author\":{\"name\":\"Jubenial\",\"@id\":\"https:\/\/jubenial.com\/#\/schema\/person\/a05884cf41279ce63c36b65de61739fc\"},\"headline\":\"\u00bfCu\u00e1l es la edad m\u00e1xima para contratar la renta vitalicia?\",\"datePublished\":\"2025-04-15T10:00:00+00:00\",\"dateModified\":\"2025-04-10T14:32:51+00:00\",\"mainEntityOfPage\":{\"@id\":\"https:\/\/jubenial.com\/productos\/edad-maxima-contratar-renta-vitalicia\/\"},\"wordCount\":982,\"publisher\":{\"@id\":\"https:\/\/jubenial.com\/#organization\"},\"image\":{\"@id\":\"https:\/\/jubenial.com\/productos\/edad-maxima-contratar-renta-vitalicia\/#primaryimage\"},\"thumbnailUrl\":\"https:\/\/jubenial.com\/productos\/wp-content\/uploads\/2025\/04\/mature-couple-with-documents-at-home-2024-09-16-21-15-08-utc-2-scaled.jpg\",\"keywords\":[\"alquiler vitalicio\",\"Inversi\u00f3n Inmobiliaria\",\"invertir en la tercera edad\",\"Jubenial\",\"Tercera Edad\"],\"articleSection\":[\"Be Jubenial\",\"Mercado inmobiliario\",\"Nuda propiedad\",\"Tercera edad\"],\"inLanguage\":\"es\"},{\"@type\":\"WebPage\",\"@id\":\"https:\/\/jubenial.com\/productos\/edad-maxima-contratar-renta-vitalicia\/\",\"url\":\"https:\/\/jubenial.com\/productos\/edad-maxima-contratar-renta-vitalicia\/\",\"name\":\"\u00bfCu\u00e1l es la edad m\u00e1xima para contratar la renta vitalicia? | Jubenial\",\"isPartOf\":{\"@id\":\"https:\/\/jubenial.com\/#website\"},\"primaryImageOfPage\":{\"@id\":\"https:\/\/jubenial.com\/productos\/edad-maxima-contratar-renta-vitalicia\/#primaryimage\"},\"image\":{\"@id\":\"https:\/\/jubenial.com\/productos\/edad-maxima-contratar-renta-vitalicia\/#primaryimage\"},\"thumbnailUrl\":\"https:\/\/jubenial.com\/productos\/wp-content\/uploads\/2025\/04\/mature-couple-with-documents-at-home-2024-09-16-21-15-08-utc-2-scaled.jpg\",\"datePublished\":\"2025-04-15T10:00:00+00:00\",\"dateModified\":\"2025-04-10T14:32:51+00:00\",\"description\":\"Conoc\u00e9 la edad m\u00e1xima para contratar la renta vitalicia y c\u00f3mo transformar tu vivienda en ingresos estables durante la jubilaci\u00f3n.\",\"breadcrumb\":{\"@id\":\"https:\/\/jubenial.com\/productos\/edad-maxima-contratar-renta-vitalicia\/#breadcrumb\"},\"inLanguage\":\"es\",\"potentialAction\":[{\"@type\":\"ReadAction\",\"target\":[\"https:\/\/jubenial.com\/productos\/edad-maxima-contratar-renta-vitalicia\/\"]}]},{\"@type\":\"ImageObject\",\"inLanguage\":\"es\",\"@id\":\"https:\/\/jubenial.com\/productos\/edad-maxima-contratar-renta-vitalicia\/#primaryimage\",\"url\":\"https:\/\/jubenial.com\/productos\/wp-content\/uploads\/2025\/04\/mature-couple-with-documents-at-home-2024-09-16-21-15-08-utc-2-scaled.jpg\",\"contentUrl\":\"https:\/\/jubenial.com\/productos\/wp-content\/uploads\/2025\/04\/mature-couple-with-documents-at-home-2024-09-16-21-15-08-utc-2-scaled.jpg\",\"width\":2560,\"height\":1707,\"caption\":\"edad m\u00e1xima para contratar la renta vitalicia\"},{\"@type\":\"BreadcrumbList\",\"@id\":\"https:\/\/jubenial.com\/productos\/edad-maxima-contratar-renta-vitalicia\/#breadcrumb\",\"itemListElement\":[{\"@type\":\"ListItem\",\"position\":1,\"name\":\"Portada\",\"item\":\"https:\/\/jubenial.com\/productos\/\"},{\"@type\":\"ListItem\",\"position\":2,\"name\":\"\u00bfCu\u00e1l es la edad m\u00e1xima para contratar la renta vitalicia?\"}]},{\"@type\":\"WebSite\",\"@id\":\"https:\/\/jubenial.com\/#website\",\"url\":\"https:\/\/jubenial.com\/\",\"name\":\"Jubenial\",\"description\":\"\",\"publisher\":{\"@id\":\"https:\/\/jubenial.com\/#organization\"},\"potentialAction\":[{\"@type\":\"SearchAction\",\"target\":{\"@type\":\"EntryPoint\",\"urlTemplate\":\"https:\/\/jubenial.com\/?s={search_term_string}\"},\"query-input\":{\"@type\":\"PropertyValueSpecification\",\"valueRequired\":true,\"valueName\":\"search_term_string\"}}],\"inLanguage\":\"es\"},{\"@type\":\"Organization\",\"@id\":\"https:\/\/jubenial.com\/#organization\",\"name\":\"Jubenial\",\"url\":\"https:\/\/jubenial.com\/\",\"logo\":{\"@type\":\"ImageObject\",\"inLanguage\":\"es\",\"@id\":\"https:\/\/jubenial.com\/#\/schema\/logo\/image\/\",\"url\":\"https:\/\/jubenial.com\/productos\/wp-content\/uploads\/2023\/11\/Vector.svg\",\"contentUrl\":\"https:\/\/jubenial.com\/productos\/wp-content\/uploads\/2023\/11\/Vector.svg\",\"width\":62,\"height\":100,\"caption\":\"Jubenial\"},\"image\":{\"@id\":\"https:\/\/jubenial.com\/#\/schema\/logo\/image\/\"}},{\"@type\":\"Person\",\"@id\":\"https:\/\/jubenial.com\/#\/schema\/person\/a05884cf41279ce63c36b65de61739fc\",\"name\":\"Jubenial\",\"image\":{\"@type\":\"ImageObject\",\"inLanguage\":\"es\",\"@id\":\"https:\/\/jubenial.com\/#\/schema\/person\/image\/\",\"url\":\"https:\/\/secure.gravatar.com\/avatar\/b6e52f247ef18ed677fb7461fe6d6ddb?s=96&r=g&d=https:\/\/jubenial.com\/productos\/wp-content\/plugins\/userswp\/assets\/images\/no_profile.png\",\"contentUrl\":\"https:\/\/secure.gravatar.com\/avatar\/b6e52f247ef18ed677fb7461fe6d6ddb?s=96&r=g&d=https:\/\/jubenial.com\/productos\/wp-content\/plugins\/userswp\/assets\/images\/no_profile.png\",\"caption\":\"Jubenial\"},\"url\":\"https:\/\/jubenial.com\/productos\/perfil\/jubenial\/\"}]}<\/script>\n<!-- \/ Yoast SEO plugin. -->","yoast_head_json":{"title":"\u00bfCu\u00e1l es la edad m\u00e1xima para contratar la renta vitalicia? | Jubenial","description":"Conoc\u00e9 la edad m\u00e1xima para contratar la renta vitalicia y c\u00f3mo transformar tu vivienda en ingresos estables durante la jubilaci\u00f3n.","robots":{"index":"index","follow":"follow","max-snippet":"max-snippet:-1","max-image-preview":"max-image-preview:large","max-video-preview":"max-video-preview:-1"},"canonical":"https:\/\/jubenial.com\/productos\/edad-maxima-contratar-renta-vitalicia\/","og_locale":"es_ES","og_type":"article","og_title":"\u00bfCu\u00e1l es la edad m\u00e1xima para contratar la renta vitalicia? | Jubenial","og_description":"Conoc\u00e9 la edad m\u00e1xima para contratar la renta vitalicia y c\u00f3mo transformar tu vivienda en ingresos estables durante la jubilaci\u00f3n.","og_url":"https:\/\/jubenial.com\/productos\/edad-maxima-contratar-renta-vitalicia\/","og_site_name":"Jubenial","article_published_time":"2025-04-15T10:00:00+00:00","article_modified_time":"2025-04-10T14:32:51+00:00","og_image":[{"width":2560,"height":1707,"url":"https:\/\/jubenial.com\/productos\/wp-content\/uploads\/2025\/04\/mature-couple-with-documents-at-home-2024-09-16-21-15-08-utc-2-scaled.jpg","type":"image\/jpeg"}],"author":"Jubenial","twitter_card":"summary_large_image","twitter_misc":{"Escrito por":"Jubenial","Tiempo de lectura":"5 minutos"},"schema":{"@context":"https:\/\/schema.org","@graph":[{"@type":"Article","@id":"https:\/\/jubenial.com\/productos\/edad-maxima-contratar-renta-vitalicia\/#article","isPartOf":{"@id":"https:\/\/jubenial.com\/productos\/edad-maxima-contratar-renta-vitalicia\/"},"author":{"name":"Jubenial","@id":"https:\/\/jubenial.com\/#\/schema\/person\/a05884cf41279ce63c36b65de61739fc"},"headline":"\u00bfCu\u00e1l es la edad m\u00e1xima para contratar la renta vitalicia?","datePublished":"2025-04-15T10:00:00+00:00","dateModified":"2025-04-10T14:32:51+00:00","mainEntityOfPage":{"@id":"https:\/\/jubenial.com\/productos\/edad-maxima-contratar-renta-vitalicia\/"},"wordCount":982,"publisher":{"@id":"https:\/\/jubenial.com\/#organization"},"image":{"@id":"https:\/\/jubenial.com\/productos\/edad-maxima-contratar-renta-vitalicia\/#primaryimage"},"thumbnailUrl":"https:\/\/jubenial.com\/productos\/wp-content\/uploads\/2025\/04\/mature-couple-with-documents-at-home-2024-09-16-21-15-08-utc-2-scaled.jpg","keywords":["alquiler vitalicio","Inversi\u00f3n Inmobiliaria","invertir en la tercera edad","Jubenial","Tercera Edad"],"articleSection":["Be Jubenial","Mercado inmobiliario","Nuda propiedad","Tercera edad"],"inLanguage":"es"},{"@type":"WebPage","@id":"https:\/\/jubenial.com\/productos\/edad-maxima-contratar-renta-vitalicia\/","url":"https:\/\/jubenial.com\/productos\/edad-maxima-contratar-renta-vitalicia\/","name":"\u00bfCu\u00e1l es la edad m\u00e1xima para contratar la renta vitalicia? | Jubenial","isPartOf":{"@id":"https:\/\/jubenial.com\/#website"},"primaryImageOfPage":{"@id":"https:\/\/jubenial.com\/productos\/edad-maxima-contratar-renta-vitalicia\/#primaryimage"},"image":{"@id":"https:\/\/jubenial.com\/productos\/edad-maxima-contratar-renta-vitalicia\/#primaryimage"},"thumbnailUrl":"https:\/\/jubenial.com\/productos\/wp-content\/uploads\/2025\/04\/mature-couple-with-documents-at-home-2024-09-16-21-15-08-utc-2-scaled.jpg","datePublished":"2025-04-15T10:00:00+00:00","dateModified":"2025-04-10T14:32:51+00:00","description":"Conoc\u00e9 la edad m\u00e1xima para contratar la renta vitalicia y c\u00f3mo transformar tu vivienda en ingresos estables durante la jubilaci\u00f3n.","breadcrumb":{"@id":"https:\/\/jubenial.com\/productos\/edad-maxima-contratar-renta-vitalicia\/#breadcrumb"},"inLanguage":"es","potentialAction":[{"@type":"ReadAction","target":["https:\/\/jubenial.com\/productos\/edad-maxima-contratar-renta-vitalicia\/"]}]},{"@type":"ImageObject","inLanguage":"es","@id":"https:\/\/jubenial.com\/productos\/edad-maxima-contratar-renta-vitalicia\/#primaryimage","url":"https:\/\/jubenial.com\/productos\/wp-content\/uploads\/2025\/04\/mature-couple-with-documents-at-home-2024-09-16-21-15-08-utc-2-scaled.jpg","contentUrl":"https:\/\/jubenial.com\/productos\/wp-content\/uploads\/2025\/04\/mature-couple-with-documents-at-home-2024-09-16-21-15-08-utc-2-scaled.jpg","width":2560,"height":1707,"caption":"edad m\u00e1xima para contratar la renta vitalicia"},{"@type":"BreadcrumbList","@id":"https:\/\/jubenial.com\/productos\/edad-maxima-contratar-renta-vitalicia\/#breadcrumb","itemListElement":[{"@type":"ListItem","position":1,"name":"Portada","item":"https:\/\/jubenial.com\/productos\/"},{"@type":"ListItem","position":2,"name":"\u00bfCu\u00e1l es la edad m\u00e1xima para contratar la renta vitalicia?"}]},{"@type":"WebSite","@id":"https:\/\/jubenial.com\/#website","url":"https:\/\/jubenial.com\/","name":"Jubenial","description":"","publisher":{"@id":"https:\/\/jubenial.com\/#organization"},"potentialAction":[{"@type":"SearchAction","target":{"@type":"EntryPoint","urlTemplate":"https:\/\/jubenial.com\/?s={search_term_string}"},"query-input":{"@type":"PropertyValueSpecification","valueRequired":true,"valueName":"search_term_string"}}],"inLanguage":"es"},{"@type":"Organization","@id":"https:\/\/jubenial.com\/#organization","name":"Jubenial","url":"https:\/\/jubenial.com\/","logo":{"@type":"ImageObject","inLanguage":"es","@id":"https:\/\/jubenial.com\/#\/schema\/logo\/image\/","url":"https:\/\/jubenial.com\/productos\/wp-content\/uploads\/2023\/11\/Vector.svg","contentUrl":"https:\/\/jubenial.com\/productos\/wp-content\/uploads\/2023\/11\/Vector.svg","width":62,"height":100,"caption":"Jubenial"},"image":{"@id":"https:\/\/jubenial.com\/#\/schema\/logo\/image\/"}},{"@type":"Person","@id":"https:\/\/jubenial.com\/#\/schema\/person\/a05884cf41279ce63c36b65de61739fc","name":"Jubenial","image":{"@type":"ImageObject","inLanguage":"es","@id":"https:\/\/jubenial.com\/#\/schema\/person\/image\/","url":"https:\/\/secure.gravatar.com\/avatar\/b6e52f247ef18ed677fb7461fe6d6ddb?s=96&r=g&d=https:\/\/jubenial.com\/productos\/wp-content\/plugins\/userswp\/assets\/images\/no_profile.png","contentUrl":"https:\/\/secure.gravatar.com\/avatar\/b6e52f247ef18ed677fb7461fe6d6ddb?s=96&r=g&d=https:\/\/jubenial.com\/productos\/wp-content\/plugins\/userswp\/assets\/images\/no_profile.png","caption":"Jubenial"},"url":"https:\/\/jubenial.com\/productos\/perfil\/jubenial\/"}]}},"_links":{"self":[{"href":"https:\/\/jubenial.com\/productos\/wp-json\/wp\/v2\/posts\/2825","targetHints":{"allow":["GET"]}}],"collection":[{"href":"https:\/\/jubenial.com\/productos\/wp-json\/wp\/v2\/posts"}],"about":[{"href":"https:\/\/jubenial.com\/productos\/wp-json\/wp\/v2\/types\/post"}],"author":[{"embeddable":true,"href":"https:\/\/jubenial.com\/productos\/wp-json\/wp\/v2\/users\/17"}],"replies":[{"embeddable":true,"href":"https:\/\/jubenial.com\/productos\/wp-json\/wp\/v2\/comments?post=2825"}],"version-history":[{"count":1,"href":"https:\/\/jubenial.com\/productos\/wp-json\/wp\/v2\/posts\/2825\/revisions"}],"predecessor-version":[{"id":2827,"href":"https:\/\/jubenial.com\/productos\/wp-json\/wp\/v2\/posts\/2825\/revisions\/2827"}],"wp:featuredmedia":[{"embeddable":true,"href":"https:\/\/jubenial.com\/productos\/wp-json\/wp\/v2\/media\/2826"}],"wp:attachment":[{"href":"https:\/\/jubenial.com\/productos\/wp-json\/wp\/v2\/media?parent=2825"}],"wp:term":[{"taxonomy":"category","embeddable":true,"href":"https:\/\/jubenial.com\/productos\/wp-json\/wp\/v2\/categories?post=2825"},{"taxonomy":"post_tag","embeddable":true,"href":"https:\/\/jubenial.com\/productos\/wp-json\/wp\/v2\/tags?post=2825"}],"curies":[{"name":"wp","href":"https:\/\/api.w.org\/{rel}","templated":true}]}}